{"id":2,"name":"Alejandro Nes","url":"","description":"\u00a1Hola! Soy N\u00e9stor Alejandro, un apasionado del mundo de la inform\u00e1tica y el desarrollo web. Desde que estudi\u00e9 inform\u00e1tica, he estado involucrado en el mundo de la tecnolog\u00eda y me he dedicado a perfeccionar mis habilidades en el campo del desarrollo web.\r\n\r\nComo freelancer, he tenido la oportunidad de trabajar en proyectos desafiantes y emocionantes que me han permitido crecer y aprender constantemente. Mi enfoque en cada proyecto es proporcionar soluciones creativas y funcionales que satisfagan las necesidades de mis clientes.\r\n\r\nSoy un apasionado de las \u00faltimas tendencias y tecnolog\u00edas en el mundo del desarrollo web y estoy constantemente actualiz\u00e1ndome para asegurarme de que mis habilidades est\u00e9n a la vanguardia. Para m\u00ed, el desarrollo web es una forma de arte que me permite crear soluciones innovadoras y emocionantes para mis clientes.\r\n\r\nDesde muy joven, descubr\u00ed mi amor por la escritura y la creaci\u00f3n de contenido original. Me fascina la capacidad que tienen las palabras para transmitir emociones y pensamientos profundos, y siempre estoy en busca de nuevas formas de expresar ideas.\r\n\r\nAdem\u00e1s, mi pasi\u00f3n por el dise\u00f1o me ha llevado a explorar nuevas formas de combinar texto e im\u00e1genes para crear piezas \u00fanicas y visualmente impactantes. Me encanta experimentar con diferentes t\u00e9cnicas y estilos para crear obras de arte que inspiren y motiven a las personas.\r\n\r\nEn mi tiempo libre, me gusta leer y explorar nuevas tendencias en la escritura y el dise\u00f1o. Siempre estoy en busca de inspiraci\u00f3n y motivaci\u00f3n para crear frases y dise\u00f1os \u00fanicos que capten la atenci\u00f3n y la imaginaci\u00f3n de las personas.","link":"https:\/\/adornosparacumple.com\/en\/author\/alejandro123\/","slug":"alejandro123","avatar_urls":{"24":"https:\/\/adornosparacumple.com\/wp-content\/litespeed\/avatar\/ae530106e924166c9be46dbc8c6462e4.jpg?ver=1777043048","48":"https:\/\/adornosparacumple.com\/wp-content\/litespeed\/avatar\/f613657d151b1a97d0f957fee7273234.jpg?ver=1777043048","96":"https:\/\/adornosparacumple.com\/wp-content\/litespeed\/avatar\/713a928e702d1bf4e6ff393756fbf56c.jpg?ver=1776823458"},"meta":{"web_stories_tracking_optin":false,"web_stories_media_optimization":true,"web_stories_onboarding":[]},"_links":{"self":[{"href":"https:\/\/adornosparacumple.com\/en\/wp-json\/wp\/v2\/users\/2","targetHints":{"allow":["GET"]}}],"collection":[{"href":"https:\/\/adornosparacumple.com\/en\/wp-json\/wp\/v2\/users"}]}}