{"id":4418,"date":"2024-06-13T01:05:00","date_gmt":"2024-06-13T01:05:00","guid":{"rendered":"https:\/\/adornosparacumple.com\/?p=4418"},"modified":"2024-10-29T02:28:28","modified_gmt":"2024-10-29T02:28:28","slug":"songs-for-fathers-day","status":"publish","type":"post","link":"https:\/\/adornosparacumple.com\/en\/songs-for-fathers-day\/","title":{"rendered":"Songs for Father's Day"},"content":{"rendered":"\n<h2 class=\"wp-block-heading\" id=\"las-mejores-canciones-para-el-dia-del-padre-sorprende-a-esa-persona-que-hace-todo-por-ti\">Las mejores Canciones para el D\u00eda del Padre: Sorprende a esa persona que hace todo por ti<\/h2>\n\n\n\n<p>El D\u00eda del Padre es una ocasi\u00f3n especial para honrar y celebrar a los padres y figuras paternas en nuestras vidas. Una manera emotiva y significativa de expresar nuestros sentimientos es a trav\u00e9s de la m\u00fasica. Las canciones dedicadas a los padres capturan la esencia de la gratitud, el amor y el respeto. A continuaci\u00f3n, presentamos una selecci\u00f3n de canciones que son perfectas para celebrar el D\u00eda del Padre.<\/p>\n\n\n\n<h2 class=\"wp-block-heading\" id=\"las-mejores-canciones-en-espanol-para-el-dia-del-padre\">Las Mejores Canciones en Espa\u00f1ol para el D\u00eda del Padre<\/h2>\n\n\n\n<p><strong>1. \u00abMi Viejo\u00bb &#8211; Piero<\/strong><\/p>\n\n\n\n<p>\u00ab<strong><a href=\"https:\/\/www.youtube.com\/watch?v=69VStYa0aBA\" data-type=\"link\" data-id=\"https:\/\/www.youtube.com\/watch?v=69VStYa0aBA\" rel=\"nofollow noopener\" target=\"_blank\">Mi Viejo<\/a><\/strong>\u00bb es una de las canciones m\u00e1s emblem\u00e1ticas dedicadas a los padres. Interpretada por Piero, esta balada nost\u00e1lgica y emotiva describe el amor y la admiraci\u00f3n hacia un padre que ha envejecido con dignidad. Con frases como \u00abEs un buen tipo mi viejo, que anda solo y esperando\u00bb, esta canci\u00f3n toca las fibras m\u00e1s profundas del coraz\u00f3n.<\/p>\n\n\n    <div class=\"hostinger-affiliate-block-single-type\">\n                    <div class=\"hostinger-affiliate-block-single-type__image\">\n                <a href=\"https:\/\/www.amazon.com\/dp\/B0BVBJ742Q?linkCode=ogi&#038;th=1&#038;psc=1&#038;tag=senorcraft-20\" target=\"_blank\" rel=\"nofollow noopener noreferrer\">\n                    <img decoding=\"async\" src=\"https:\/\/m.media-amazon.com\/images\/I\/51dCUEuw6lL._SL500_.jpg\" alt=\"DNA MOTORING TOOLS-00280 Low Profile Hydraulic Trolley Service\/Fl...\">\n                <\/a>\n            <\/div>\n                    <div class=\"hostinger-affiliate-block-single-type__product-data\">\n            <div class=\"hostinger-affiliate-block-single-type__product-title\">\n                <a href=\"https:\/\/www.amazon.com\/dp\/B0BVBJ742Q?linkCode=ogi&#038;th=1&#038;psc=1&#038;tag=senorcraft-20\" target=\"_blank\" rel=\"nofollow noopener noreferrer\">\n                    <h3>\n                        DNA MOTORING TOOLS-00280 Low Profile Hydraulic Trolley Service\/Fl&#8230;                    <\/h3>\n                <\/a>\n            <\/div>\n                            <div class=\"hostinger-affiliate-block-single-type__product-description\">\n                            <ul>\n                                <li>HYDRAULIC JACK AND STAND COMBO &#8211; [1] floor jack and [2] ratchet jack stands. Constructed of heavy duty steel with a weld&#8230;<\/li>\n                                        <li>FAST LIFT GARAGE JACK &#8211; The hydraulic low profile floor jack features a 2 ton (4,000 lb) capacity with a min lifting hei&#8230;<\/li>\n                                        <li>JACK STANDS &#8211; Adjustable height ranges from 11&#8243; to 17&#8243; with a 2 ton (4,000 lb) load capacity. Multi-position ratchet bar&#8230;<\/li>\n                            <\/ul>\n                        <\/div>\n                            <div class=\"hostinger-affiliate-block-single-type__product-actions\">\n                                    <div class=\"hostinger-affiliate-block-single-type__product-price\">\n                        $82.00                    <\/div>\n                                        <div class=\"hostinger-affiliate-block-single-type__product-prime\">\n                        <img decoding=\"async\" src=\"https:\/\/adornosparacumple.com\/wp-content\/plugins\/hostinger-affiliate-plugin\/assets\/img\/prime.png\" alt=\"Is prime\">\n                    <\/div>\n                                    <div class=\"hostinger-affiliate-block-single-type__product-button-wrap\">\n                    <a href=\"https:\/\/www.amazon.com\/dp\/B0BVBJ742Q?linkCode=ogi&#038;th=1&#038;psc=1&#038;tag=senorcraft-20\" class=\"hostinger-affiliate-block-single-type__product-amazon-button\" target=\"_blank\" rel=\"nofollow noopener noreferrer\">\n    Buy on Amazon<\/a>\n                <\/div>\n\n            <\/div>\n        <\/div>\n    <\/div>\n    \n\n\n<p><strong>2. \u00abPadre\u00bb &#8211; Jos\u00e9 Jos\u00e9<\/strong><\/p>\n\n\n\n<p>Jos\u00e9 Jos\u00e9, el \u00abPr\u00edncipe de la Canci\u00f3n\u00bb, nos regala esta hermosa pieza que exalta la figura paternal. \u00abPadre\u00bb es un tributo lleno de agradecimiento y reconocimiento a la sabidur\u00eda y gu\u00eda que un padre proporciona. La letra resuena con todos aquellos que ven en su padre un ejemplo a seguir.<\/p>\n\n\n\n<p><strong>3. \u00ab<a href=\"https:\/\/www.youtube.com\/watch?v=-0BfutsFiBc\" data-type=\"link\" data-id=\"https:\/\/www.youtube.com\/watch?v=-0BfutsFiBc\" rel=\"nofollow noopener\" target=\"_blank\">El Reloj Cuc\u00fa<\/a>\u00bb &#8211; Man\u00e1<\/strong><\/p>\n\n\n\n<p>Esta canci\u00f3n de Man\u00e1 combina ritmos de rock con una letra profundamente sentimental. \u00abEl Reloj Cuc\u00fa\u00bb habla del recuerdo de un padre fallecido y la a\u00f1oranza de su presencia. Es una canci\u00f3n ideal para aquellos que quieren recordar a sus padres con cari\u00f1o y nostalgia en este d\u00eda especial.<\/p>\n\n\n\n<p><strong>4. \u00abQue Falta Me Hace Mi Padre\u00bb &#8211; Vicente Fern\u00e1ndez<\/strong><\/p>\n\n\n\n<p>El gran Vicente Fern\u00e1ndez interpreta esta ranchera que expresa el dolor de perder a un padre. \u00abQue Falta Me Hace Mi Padre\u00bb es una canci\u00f3n que conecta con aquellos que ya no tienen a su padre con ellos pero lo llevan siempre en su coraz\u00f3n. La interpretaci\u00f3n de Vicente llena de emoci\u00f3n y sentimiento esta melod\u00eda.<\/p>\n\n\n\n<p><strong>5. \u00abEl Hombre Que M\u00e1s Te Am\u00f3\u00bb &#8211; Alejandro Fern\u00e1ndez<\/strong><\/p>\n\n\n\n<p>Alejandro Fern\u00e1ndez, hijo de Vicente Fern\u00e1ndez, rinde homenaje a los padres con \u00abEl Hombre Que M\u00e1s Te Am\u00f3\u00bb. Esta balada es una declaraci\u00f3n de amor filial y de reconocimiento a la dedicaci\u00f3n y sacrificio de los padres. Es una canci\u00f3n que celebra la conexi\u00f3n especial entre padre e hijo.<\/p>\n\n\n\n<h2 class=\"wp-block-heading\" id=\"canciones-internacionales-para-el-dia-del-padre\">Canciones Internacionales para el D\u00eda del Padre<\/h2>\n\n\n\n<p><strong>1. \u00abDance With My Father\u00bb &#8211; Luther Vandross<\/strong><\/p>\n\n\n\n<p>En el \u00e1mbito internacional, \u00abDance With My Father\u00bb de Luther Vandross es una de las canciones m\u00e1s conmovedoras. Esta balada recuerda con ternura los momentos compartidos con su padre y expresa el deseo de volver a tener esos momentos. Es una pieza que resonar\u00e1 con aquellos que a\u00f1oran la presencia de su padre.<\/p>\n\n\n\n<p><strong>2. \u00abFather and Son\u00bb &#8211; Cat Stevens<\/strong><\/p>\n\n\n\n<p>Cat Stevens nos brinda \u00abFather and Son\u00bb, una canci\u00f3n que explora la din\u00e1mica entre un padre y su hijo que est\u00e1 en camino a la independencia. La letra y la melod\u00eda reflejan el amor y la comprensi\u00f3n que a menudo acompa\u00f1a la relaci\u00f3n entre padres e hijos.<\/p>\n\n\n\n<p><strong>3. \u00abMy Father\u2019s Eyes\u00bb &#8211; Eric Clapton<\/strong><\/p>\n\n\n\n<p>Eric Clapton compuso \u00abMy Father\u2019s Eyes\u00bb en honor a su padre a quien nunca conoci\u00f3. La canci\u00f3n explora el anhelo de conocer y comprender a su padre a trav\u00e9s de los recuerdos y las experiencias. Es una balada llena de introspecci\u00f3n y emoci\u00f3n.<\/p>\n\n\n    <div class=\"hostinger-affiliate-block-single-type\">\n                    <div class=\"hostinger-affiliate-block-single-type__image\">\n                <a href=\"https:\/\/www.amazon.com\/dp\/B0CM9HH7HG?linkCode=ogi&#038;th=1&#038;psc=1&#038;tag=senorcraft-20\" target=\"_blank\" rel=\"nofollow noopener noreferrer\">\n                    <img decoding=\"async\" src=\"https:\/\/m.media-amazon.com\/images\/I\/51JRF1zdYQL._SL500_.jpg\" alt=\"FADAKWALT Cordless Drill Set, 20V Electric Power Drill with Batte...\">\n                <\/a>\n            <\/div>\n                    <div class=\"hostinger-affiliate-block-single-type__product-data\">\n            <div class=\"hostinger-affiliate-block-single-type__product-title\">\n                <a href=\"https:\/\/www.amazon.com\/dp\/B0CM9HH7HG?linkCode=ogi&#038;th=1&#038;psc=1&#038;tag=senorcraft-20\" target=\"_blank\" rel=\"nofollow noopener noreferrer\">\n                    <h3>\n                        FADAKWALT Cordless Drill Set, 20V Electric Power Drill with Batte&#8230;                    <\/h3>\n                <\/a>\n            <\/div>\n                            <div class=\"hostinger-affiliate-block-single-type__product-description\">\n                            <ul>\n                                <li>POWERFUL TORQUE AND 2.0 Ah Battery: FADAKWALT cordless drill features a 20 V battery and delivers 30 N.m torque; The set&#8230;<\/li>\n                                        <li>21+1 Position Clutch: 21+1 torque settings power drill can provide more precise torque or speed adjustment as required, &#8230;<\/li>\n                                        <li>Place an order and you&#8217;ll get it: Cordless Drill, Charger, Magnetic Flexible Shaft, Extension Bar, 3x Wood Drill Bits, 3&#8230;<\/li>\n                            <\/ul>\n                        <\/div>\n                            <div class=\"hostinger-affiliate-block-single-type__product-actions\">\n                                    <div class=\"hostinger-affiliate-block-single-type__product-price\">\n                        $29.99                    <\/div>\n                                        <div class=\"hostinger-affiliate-block-single-type__product-prime\">\n                        <img decoding=\"async\" src=\"https:\/\/adornosparacumple.com\/wp-content\/plugins\/hostinger-affiliate-plugin\/assets\/img\/prime.png\" alt=\"Is prime\">\n                    <\/div>\n                                    <div class=\"hostinger-affiliate-block-single-type__product-button-wrap\">\n                    <a href=\"https:\/\/www.amazon.com\/dp\/B0CM9HH7HG?linkCode=ogi&#038;th=1&#038;psc=1&#038;tag=senorcraft-20\" class=\"hostinger-affiliate-block-single-type__product-amazon-button\" target=\"_blank\" rel=\"nofollow noopener noreferrer\">\n    Buy on Amazon<\/a>\n                <\/div>\n\n            <\/div>\n        <\/div>\n    <\/div>\n    \n\n\n<h2 class=\"wp-block-heading\" id=\"canciones-populares-para-celebrar-a-los-padres\">Canciones Populares para Celebrar a los Padres<\/h2>\n\n\n\n<p><strong>1. \u00abHero\u00bb &#8211; Mariah Carey<\/strong><\/p>\n\n\n\n<p>Mariah Carey ofrece \u00abHero\u00bb, una canci\u00f3n que puede ser dedicada a cualquier figura heroica en nuestra vida, incluyendo a los padres. La poderosa voz de Mariah y la inspiradora letra hacen de esta canci\u00f3n una excelente opci\u00f3n para honrar a los padres.<\/p>\n\n\n\n<p><strong>2. \u00abWind Beneath My Wings\u00bb &#8211; Bette Midler<\/strong><\/p>\n\n\n\n<p>Bette Midler con \u00abWind Beneath My Wings\u00bb ofrece una canci\u00f3n que celebra a aquellos que nos han apoyado incondicionalmente. Esta canci\u00f3n es perfecta para reconocer a los padres que han sido el pilar de nuestras vidas.<\/p>\n\n\n\n<h2 class=\"wp-block-heading\" id=\"como-crear-la-perfecta-playlist-para-el-dia-del-padre\">C\u00f3mo Crear la Perfecta Playlist para el D\u00eda del Padre<\/h2>\n\n\n\n<figure class=\"wp-block-image aligncenter size-full\"><img loading=\"lazy\" decoding=\"async\" width=\"500\" height=\"450\" src=\"https:\/\/adornosparacumple.com\/wp-content\/uploads\/2024\/06\/Crear-la-Perfecta-Playlist-para-el-Dia-del-Padre.png\" alt=\"\" class=\"wp-image-4419\" srcset=\"https:\/\/adornosparacumple.com\/wp-content\/uploads\/2024\/06\/Crear-la-Perfecta-Playlist-para-el-Dia-del-Padre.png 500w, https:\/\/adornosparacumple.com\/wp-content\/uploads\/2024\/06\/Crear-la-Perfecta-Playlist-para-el-Dia-del-Padre-300x270.png 300w, https:\/\/adornosparacumple.com\/wp-content\/uploads\/2024\/06\/Crear-la-Perfecta-Playlist-para-el-Dia-del-Padre-150x135.png 150w\" sizes=\"auto, (max-width: 500px) 100vw, 500px\" \/><\/figure>\n\n\n\n<p>Para crear una playlist perfecta para el D\u00eda del Padre, es importante incluir una variedad de g\u00e9neros y estilos que reflejen los gustos de tu padre y los sentimientos que deseas expresar. A continuaci\u00f3n, te damos algunos consejos para crear una lista memorable:<\/p>\n\n\n\n<p><strong>1. Conoce sus Gustos<\/strong><\/p>\n\n\n\n<p>Aseg\u00farate de incluir canciones y artistas que tu padre disfruta. Si no est\u00e1s seguro, opta por cl\u00e1sicos que suelen ser bien recibidos por la mayor\u00eda.<\/p>\n\n\n\n<p><strong>2. Incluye Canciones Emotivas<\/strong><\/p>\n\n\n\n<p>Canciones que tocan el coraz\u00f3n y evocan recuerdos son esenciales. Estas canciones ayudan a expresar sentimientos profundos y a crear un ambiente especial.<\/p>\n\n\n    <div class=\"hostinger-affiliate-block-single-type\">\n                    <div class=\"hostinger-affiliate-block-single-type__image\">\n                <a href=\"https:\/\/www.amazon.com\/dp\/B01KJJQ1MC?linkCode=ogi&#038;th=1&#038;psc=1&#038;tag=senorcraft-20\" target=\"_blank\" rel=\"nofollow noopener noreferrer\">\n                    <img decoding=\"async\" src=\"https:\/\/m.media-amazon.com\/images\/I\/51zT9DcQquL._SL500_.jpg\" alt=\"Skil 5080-01 13-Amp 7-1\/4&quot; Circular Saw, Red\">\n                <\/a>\n            <\/div>\n                    <div class=\"hostinger-affiliate-block-single-type__product-data\">\n            <div class=\"hostinger-affiliate-block-single-type__product-title\">\n                <a href=\"https:\/\/www.amazon.com\/dp\/B01KJJQ1MC?linkCode=ogi&#038;th=1&#038;psc=1&#038;tag=senorcraft-20\" target=\"_blank\" rel=\"nofollow noopener noreferrer\">\n                    <h3>\n                        Skil 5080-01 13-Amp 7-1\/4&#8243; Circular Saw, Red                    <\/h3>\n                <\/a>\n            <\/div>\n                            <div class=\"hostinger-affiliate-block-single-type__product-description\">\n                            <ul>\n                                <li>13 Amp motor for more power and performance than the SKIL 5380<\/li>\n                                        <li>15% weight reduction vs. SKIL 5380, reduces user fatigue<\/li>\n                                        <li>51-Degree bevel with positive stops for great cut capacity<\/li>\n                            <\/ul>\n                        <\/div>\n                            <div class=\"hostinger-affiliate-block-single-type__product-actions\">\n                                    <div class=\"hostinger-affiliate-block-single-type__product-price\">\n                        $39.99                    <\/div>\n                                        <div class=\"hostinger-affiliate-block-single-type__product-prime\">\n                        <img decoding=\"async\" src=\"https:\/\/adornosparacumple.com\/wp-content\/plugins\/hostinger-affiliate-plugin\/assets\/img\/prime.png\" alt=\"Is prime\">\n                    <\/div>\n                                    <div class=\"hostinger-affiliate-block-single-type__product-button-wrap\">\n                    <a href=\"https:\/\/www.amazon.com\/dp\/B01KJJQ1MC?linkCode=ogi&#038;th=1&#038;psc=1&#038;tag=senorcraft-20\" class=\"hostinger-affiliate-block-single-type__product-amazon-button\" target=\"_blank\" rel=\"nofollow noopener noreferrer\">\n    Buy on Amazon<\/a>\n                <\/div>\n\n            <\/div>\n        <\/div>\n    <\/div>\n    \n\n\n<p><strong>3. Variedad de G\u00e9neros<\/strong><\/p>\n\n\n\n<p>Incluir una mezcla de g\u00e9neros musicales mantendr\u00e1 la playlist interesante y din\u00e1mica. Desde baladas hasta canciones de rock, aseg\u00farate de que haya algo para cada momento del d\u00eda.<\/p>\n\n\n\n<p><strong>4. A\u00f1ade Toques Personales<\/strong><\/p>\n\n\n\n<p>Si tienes alguna canci\u00f3n que tenga un significado especial para ti y tu padre, aseg\u00farate de incluirla. Estos toques personales har\u00e1n que la playlist sea \u00fanica y significativa.<\/p>\n\n\n\n<p><strong>5. Utiliza Plataformas de Streaming<\/strong><\/p>\n\n\n\n<p>Crea y comparte tu playlist a trav\u00e9s de plataformas de streaming como Spotify, Apple Music o YouTube. Esto facilita el acceso y la reproducci\u00f3n en cualquier momento.<\/p>\n\n\n\n<p><strong>6. Actualiza la Playlist<\/strong><\/p>\n\n\n\n<p>No olvides actualizar tu playlist cada a\u00f1o con nuevas canciones y descubrimientos musicales. Esto mantendr\u00e1 la tradici\u00f3n fresca y emocionante.<\/p>\n\n\n\n<p><strong>Por ultimo te dejo aqu\u00ed unos hermosos mensajes para pap\u00e1<\/strong><\/p>\n\n\n\n<p><strong><a href=\"https:\/\/adornosparacumple.com\/frases-de-cumpleanos-para-papa\/\" data-type=\"link\" data-id=\"https:\/\/adornosparacumple.com\/frases-de-cumpleanos-para-papa\/\">Frases de cumplea\u00f1os para pap\u00e1<\/a><\/strong><\/p>\n\n\n<style><\/style><style><\/style>\n\n    <div class=\"hostinger-affiliate-block-single-type\">\n                    <div class=\"hostinger-affiliate-block-single-type__image\">\n                <a href=\"https:\/\/www.amazon.com\/dp\/B08X6GHFJ6?linkCode=ogi&#038;th=1&#038;psc=1&#038;tag=senorcraft-20\" target=\"_blank\" rel=\"nofollow noopener noreferrer\">\n                    <img decoding=\"async\" src=\"https:\/\/m.media-amazon.com\/images\/I\/51mGQv08imS._SL500_.jpg\" alt=\"DULFINE Safety Work Gloves PU Coated-12 Pairs,Red Seamless Knit G...\">\n                <\/a>\n            <\/div>\n                    <div class=\"hostinger-affiliate-block-single-type__product-data\">\n            <div class=\"hostinger-affiliate-block-single-type__product-title\">\n                <a href=\"https:\/\/www.amazon.com\/dp\/B08X6GHFJ6?linkCode=ogi&#038;th=1&#038;psc=1&#038;tag=senorcraft-20\" target=\"_blank\" rel=\"nofollow noopener noreferrer\">\n                    <h3>\n                        DULFINE Safety Work Gloves PU Coated-12 Pairs,Red Seamless Knit G&#8230;                    <\/h3>\n                <\/a>\n            <\/div>\n                            <div class=\"hostinger-affiliate-block-single-type__product-description\">\n                            <ul>\n                                <li>COMFORTABLE AND BREATHABLE:13 Guage Premium red nylon seamless knitted shell provides Bare Hand Sensitivity and Great Br&#8230;<\/li>\n                                        <li>SUPERIOR PROTECTION:Ultra-Thin Polyurethane coating offers excellent abrasion resistance and superior GRIP performance<\/li>\n                                        <li>MORE:Knitted Wrist prevent dirt and debris from entering the gloves. CE CERTIFICATED EN388:2003 4131<\/li>\n                            <\/ul>\n                        <\/div>\n                            <div class=\"hostinger-affiliate-block-single-type__product-actions\">\n                                    <div class=\"hostinger-affiliate-block-single-type__product-price\">\n                        $16.98                    <\/div>\n                                        <div class=\"hostinger-affiliate-block-single-type__product-prime\">\n                        <img decoding=\"async\" src=\"https:\/\/adornosparacumple.com\/wp-content\/plugins\/hostinger-affiliate-plugin\/assets\/img\/prime.png\" alt=\"Is prime\">\n                    <\/div>\n                                    <div class=\"hostinger-affiliate-block-single-type__product-button-wrap\">\n                    <a href=\"https:\/\/www.amazon.com\/dp\/B08X6GHFJ6?linkCode=ogi&#038;th=1&#038;psc=1&#038;tag=senorcraft-20\" class=\"hostinger-affiliate-block-single-type__product-amazon-button\" target=\"_blank\" rel=\"nofollow noopener noreferrer\">\n    Buy on Amazon<\/a>\n                <\/div>\n\n            <\/div>\n        <\/div>\n    <\/div>\n    ","protected":false},"excerpt":{"rendered":"<p>Las mejores Canciones para el D\u00eda del Padre: Sorprende a esa persona que hace todo por ti El D\u00eda del Padre es una ocasi\u00f3n especial para honrar y celebrar a los padres y figuras paternas en nuestras vidas. Una manera emotiva y significativa de expresar nuestros sentimientos es a trav\u00e9s de la m\u00fasica. Las canciones [&hellip;]<\/p>\n","protected":false},"author":2,"featured_media":4420,"comment_status":"open","ping_status":"open","sticky":false,"template":"","format":"standard","meta":{"_gspb_post_css":"","pgc_sgb_lightbox_settings":"","ultp_fs_post_author":"","ultp_fs_post_email":"","ultp_fs_post_author_url":"","footnotes":""},"categories":[100],"tags":[],"class_list":["post-4418","post","type-post","status-publish","format-standard","has-post-thumbnail","hentry","category-ideas-y-regalos"],"blocksy_meta":[],"featured_image_src":"https:\/\/adornosparacumple.com\/wp-content\/uploads\/2024\/06\/Canciones-para-el-Dia-del-Padre.png","author_info":{"display_name":"Alejandro Nes","author_link":"https:\/\/adornosparacumple.com\/en\/author\/alejandro123\/"},"jetpack_featured_media_url":"https:\/\/adornosparacumple.com\/wp-content\/uploads\/2024\/06\/Canciones-para-el-Dia-del-Padre.png","_links":{"self":[{"href":"https:\/\/adornosparacumple.com\/en\/wp-json\/wp\/v2\/posts\/4418","targetHints":{"allow":["GET"]}}],"collection":[{"href":"https:\/\/adornosparacumple.com\/en\/wp-json\/wp\/v2\/posts"}],"about":[{"href":"https:\/\/adornosparacumple.com\/en\/wp-json\/wp\/v2\/types\/post"}],"author":[{"embeddable":true,"href":"https:\/\/adornosparacumple.com\/en\/wp-json\/wp\/v2\/users\/2"}],"replies":[{"embeddable":true,"href":"https:\/\/adornosparacumple.com\/en\/wp-json\/wp\/v2\/comments?post=4418"}],"version-history":[{"count":2,"href":"https:\/\/adornosparacumple.com\/en\/wp-json\/wp\/v2\/posts\/4418\/revisions"}],"predecessor-version":[{"id":5047,"href":"https:\/\/adornosparacumple.com\/en\/wp-json\/wp\/v2\/posts\/4418\/revisions\/5047"}],"wp:featuredmedia":[{"embeddable":true,"href":"https:\/\/adornosparacumple.com\/en\/wp-json\/wp\/v2\/media\/4420"}],"wp:attachment":[{"href":"https:\/\/adornosparacumple.com\/en\/wp-json\/wp\/v2\/media?parent=4418"}],"wp:term":[{"taxonomy":"category","embeddable":true,"href":"https:\/\/adornosparacumple.com\/en\/wp-json\/wp\/v2\/categories?post=4418"},{"taxonomy":"post_tag","embeddable":true,"href":"https:\/\/adornosparacumple.com\/en\/wp-json\/wp\/v2\/tags?post=4418"}],"curies":[{"name":"wp","href":"https:\/\/api.w.org\/{rel}","templated":true}]}}