{"id":1562,"date":"2023-03-14T01:28:40","date_gmt":"2023-03-14T01:28:40","guid":{"rendered":"https:\/\/adornosparacumple.com\/?p=1797"},"modified":"2024-10-10T07:59:27","modified_gmt":"2024-10-10T07:59:27","slug":"phrases-for-fathers-day","status":"publish","type":"post","link":"https:\/\/adornosparacumple.com\/en\/phrases-for-fathers-day\/","title":{"rendered":"Phrases for Father's Day 2023"},"content":{"rendered":"\n<h2 class=\"wp-block-heading\" id=\"las-mejores-frases-para-el-dia-del-padre\">Las mejores frases para el d\u00eda del Padre<\/h2>\n\n\n\n<p>Celebremos juntos el D\u00eda del Padre. En este art\u00edculo, te ofrecemos nuestra selecci\u00f3n de los mejores refranes para homenajear a todos los padres en su d\u00eda especial. Estos refranes pueden ayudarte a expresar todo tu amor y gratitud hacia tu pap\u00e1, desde palabras conmovedoras y emotivas hasta mensajes humor\u00edsticos y dulces. Estos refranes pueden ayudarte a expresar tu amor por tu padre de una forma significativa, tanto si buscas una forma \u00fanica de felicitarle en su d\u00eda especial como si simplemente quieres dec\u00edrselo. As\u00ed que prep\u00e1rate para sorprender a tu padre en su d\u00eda especial con las mejores frases y haz que se sienta querido y apreciado.<\/p>\n\n\n\n<script src=\"https:\/\/meiro-prod.fra1.digitaloceanspaces.com\/iframeResizer.min.js\"><\/script>\n<iframe id=\"meiro_7941914\" data-meiro-src=\"https:\/\/go.meiro.cc\/7941914\" width=\"100%\" frameborder=\"0\"><\/iframe>\n<script>\n  (function() {\n    var script = document.createElement('script');\n    script.src = 'https:\/\/meiro-prod.fra1.digitaloceanspaces.com\/iframeResizer.min.js';\n    script.async = true;\n    script.onload = function() {\n        var iframe = document.getElementById('meiro_7941914');\n        if (iframe) {\n            iframe.src = iframe.getAttribute('data-meiro-src');\n            iframe.removeAttribute('data-meiro-src');\n            iframe.onload = function () {\n              iFrameResize({\n                  checkOrigin: false,\n                  heightCalculationMethod: 'grow',\n              }, '#meiro_7941914');\n            }\n        }\n    };\n    document.head.appendChild(script);\n  })();\n<\/script>\n\n\n\n<div class=\"wp-block-simple-note-quote\">Padre, gracias por compartir conmigo los mejores momentos de mi vida. Eres el mejor padre del mundo. Te quiero, pap\u00e1. \u00a1Felicidades por el D\u00eda del Padre!<\/div>\n\n\n\n<div class=\"wp-block-simple-note-quote\">Ser padre implica sembrar semillas, establecer un legado y ense\u00f1ar a los hijos a vivir una vida autosuficiente. Felicidades Padre.<\/div>\n\n\n\n<div class=\"wp-block-simple-note-quote\">A pesar de los desacuerdos o las diferencias de opini\u00f3n, siempre estaremos unidos.<br\/>Una expresi\u00f3n que demuestra que, a pesar de los malentendidos que pueda haber entre nosotros, siempre estaremos\u00a0 juntos para cuidar uno del otro. Felicidades pap\u00e1 en este tu d\u00eda.<\/div>\n\n\n\n<div class=\"wp-block-simple-note-quote\">A m\u00ed no me importa que seas un superh\u00e9roe sin capa o un rey sin corona; t\u00fa eres todo eso y mucho m\u00e1s. Los padres poseen poderes que ninguna otra persona tiene. Felicidades en tu d\u00eda Padre.<\/div>\n\n\n\n<div class=\"wp-block-simple-note-quote\">Pap\u00e1, t\u00fa fuiste y siempre ser\u00e1s mi pr\u00edncipe azul. \u00a1Felicidades por el D\u00eda del Padre!<\/div>\n\n\n\n<div class=\"wp-block-simple-note-quote\">Eres el hombre m\u00e1s importante de mi vida, porque sin ti, nada habr\u00eda sucedido. \u00a1Gracias, pap\u00e1!<\/div>\n\n\n\n<div class=\"wp-block-simple-note-quote\">Porque hoy es el mejor d\u00eda para recordarte lo mucho que te quiero y agradecerte por todo el cuidado y amor que me diste. \u00a1Felicidades, pap\u00e1!<\/div>\n\n\n\n<div class=\"wp-block-greenshift-blocks-row gspb_row gspb_row-id-gsbp-f874a9d\" id=\"gspb_row-id-gsbp-f874a9d\"><div class=\"gspb_row__content\"> \n<div class=\"wp-block-greenshift-blocks-row-column gspb_row__col--12 gspb_col-id-gsbp-c006ee5\" id=\"gspb_col-id-gsbp-c006ee5\">    <div class=\"hostinger-affiliate-block-single-type\">\n                    <div class=\"hostinger-affiliate-block-single-type__image\">\n                <a href=\"https:\/\/www.amazon.com\/dp\/B07RZ5KN5T?linkCode=ogi&#038;th=1&#038;psc=1&#038;tag=senorcraft-20\" target=\"_blank\" rel=\"nofollow noopener noreferrer\">\n                    <img decoding=\"async\" src=\"https:\/\/m.media-amazon.com\/images\/I\/51zhv9NOsFL._SL500_.jpg\" alt=\"Cochoa Wallet for Men&#039;s RFID Blocking Real Leather Bifold Stylish...\">\n                <\/a>\n            <\/div>\n                    <div class=\"hostinger-affiliate-block-single-type__product-data\">\n            <div class=\"hostinger-affiliate-block-single-type__product-title\">\n                <a href=\"https:\/\/www.amazon.com\/dp\/B07RZ5KN5T?linkCode=ogi&#038;th=1&#038;psc=1&#038;tag=senorcraft-20\" target=\"_blank\" rel=\"nofollow noopener noreferrer\">\n                    <h3>\n                        Cochoa Wallet for Men&#8217;s RFID Blocking Real Leather Bifold Stylish&#8230;                    <\/h3>\n                <\/a>\n            <\/div>\n                            <div class=\"hostinger-affiliate-block-single-type__product-description\">\n                            <ul>\n                                <li>\u2605REAL LEATHER: This wallet is MADE IN INDIA and comes in 3 leather qualities, namely Nappa, Crazy Horse &#038; Distressed. Na&#8230;<\/li>\n                                        <li>\u2605ELITE FEATURES: 2 ID windows (DL &#038; Other ID Cards) allow for quick access when traveling or at the store \/working place&#8230;<\/li>\n                                        <li>\u2605RFID BLOCKING ANTI THEFT SECURITY: Our wallets are anti theft, equipped with advanced RFID SECURE Technology, a unique &#8230;<\/li>\n                            <\/ul>\n                        <\/div>\n                            <div class=\"hostinger-affiliate-block-single-type__product-actions\">\n                                    <div class=\"hostinger-affiliate-block-single-type__product-price\">\n                        $15.99                    <\/div>\n                                        <div class=\"hostinger-affiliate-block-single-type__product-prime\">\n                        <img decoding=\"async\" src=\"https:\/\/adornosparacumple.com\/wp-content\/plugins\/hostinger-affiliate-plugin\/assets\/img\/prime.png\" alt=\"Is prime\">\n                    <\/div>\n                                    <div class=\"hostinger-affiliate-block-single-type__product-button-wrap\">\n                    <a href=\"https:\/\/www.amazon.com\/dp\/B07RZ5KN5T?linkCode=ogi&#038;th=1&#038;psc=1&#038;tag=senorcraft-20\" class=\"hostinger-affiliate-block-single-type__product-amazon-button\" target=\"_blank\" rel=\"nofollow noopener noreferrer\">\n    Buy on Amazon<\/a>\n                <\/div>\n\n            <\/div>\n        <\/div>\n    <\/div>\n    <\/div>\n <\/div><\/div>\n\n\n\n<div class=\"wp-block-simple-note-quote\">Soy\u00a0 quien soy gracias a ti. Te quiero, pap\u00e1, por darme todo lo que tengo y por ser siempre mi modelo a seguir. Eres el hombre m\u00e1s importante de mi vida, porque sin ti no ser\u00eda nada. Gracias, pap\u00e1.<\/div>\n\n\n\n<div class=\"wp-block-simple-note-quote\">La herencia m\u00e1s hermosa y sorprendente que un padre puede dar a su hijo es el desarrollo del car\u00e1cter y mostrarle el camino a seguir. \u00a1Felicidades por el D\u00eda del Padre!<\/div>\n\n\n\n<div class=\"wp-block-simple-note-quote\">S\u00f3lo puedes empezar a comprender el punto de vista de tus padres cuando te haces mayor.<br\/>Una mirada de reproche que tambi\u00e9n puede estar llena de amor cuando cometes un error. Feliz d\u00eda pap\u00e1.<\/div>\n\n\n\n<div class=\"wp-block-simple-note-quote\">\u00a0Pap\u00e1, \u00bfQu\u00e9 har\u00eda yo sin ti? \u00a1Eres lo m\u00e1s grande del mundo!<br\/>Hoy que es tu d\u00eda solo puedo desearte lo mejor, y que cumplas muchos a\u00f1os m\u00e1s al lado m\u00edo.<\/div>\n\n\n\n<div class=\"wp-block-simple-note-quote\">Feliz cumplea\u00f1os al hombre de mi vida que siempre ser\u00e1 el m\u00e1s significativo y el mejor de todos.<br\/>Mi Pap\u00e1.<\/div>\n\n\n<div class=\"pgc-sgb-cb wp-block-pgcsimplygalleryblock-masonry \" data-gallery-id=\"b9529112\"><div class=\"sgb-preloader\" id=\"pr_b9529112\">\n\t<div class=\"sgb-square\" style=\"background:#d4d4d4\"><\/div>\n\t<div class=\"sgb-square\" style=\"background:#d4d4d4\"><\/div>\n\t<div class=\"sgb-square\" style=\"background:#d4d4d4\"><\/div>\n\t<div class=\"sgb-square\" style=\"background:#d4d4d4\"><\/div><\/div><div class=\"simply-gallery-amp pgc_sgb_slider \"><noscript><div class=\"sgb-gallery\"><div class=\"sgb-item\"><a href=\"https:\/\/adornosparacumple.com\/?attachment_id=1799\" target=\"_blank\"><img decoding=\"async\" alt=\"\" width=\"300\" height=\"214\" loading=\"lazy\" src=\"https:\/\/adornosparacumple.com\/wp-content\/uploads\/2023\/03\/feliz-dia-del-padre-300x214.png\" srcset=\"https:\/\/adornosparacumple.com\/wp-content\/uploads\/2023\/03\/feliz-dia-del-padre-300x214.png 300w,https:\/\/adornosparacumple.com\/wp-content\/uploads\/2023\/03\/feliz-dia-del-padre.png 700w\" sizes=\"auto, 250px\"><\/a><\/div><div class=\"sgb-item\"><a href=\"https:\/\/adornosparacumple.com\/?attachment_id=1800\" target=\"_blank\"><img decoding=\"async\" alt=\"\" width=\"300\" height=\"214\" loading=\"lazy\" src=\"https:\/\/adornosparacumple.com\/wp-content\/uploads\/2023\/03\/feliz-dia-papa-300x214.png\" srcset=\"https:\/\/adornosparacumple.com\/wp-content\/uploads\/2023\/03\/feliz-dia-papa-300x214.png 300w,https:\/\/adornosparacumple.com\/wp-content\/uploads\/2023\/03\/feliz-dia-papa.png 700w\" sizes=\"auto, 250px\"><\/a><\/div><div class=\"sgb-item\"><a href=\"https:\/\/adornosparacumple.com\/?attachment_id=1801\" target=\"_blank\"><img decoding=\"async\" alt=\"\" width=\"300\" height=\"214\" loading=\"lazy\" src=\"https:\/\/adornosparacumple.com\/wp-content\/uploads\/2023\/03\/Frases-para-papa-300x214.png\" srcset=\"https:\/\/adornosparacumple.com\/wp-content\/uploads\/2023\/03\/Frases-para-papa-300x214.png 300w,https:\/\/adornosparacumple.com\/wp-content\/uploads\/2023\/03\/Frases-para-papa.png 700w\" sizes=\"auto, 250px\"><\/a><\/div><div class=\"sgb-item\"><a href=\"https:\/\/adornosparacumple.com\/?attachment_id=1802\" target=\"_blank\"><img decoding=\"async\" alt=\"\" width=\"300\" height=\"214\" loading=\"lazy\" src=\"https:\/\/adornosparacumple.com\/wp-content\/uploads\/2023\/03\/Frases-para-papa-1-300x214.png\" srcset=\"https:\/\/adornosparacumple.com\/wp-content\/uploads\/2023\/03\/Frases-para-papa-1-300x214.png 300w,https:\/\/adornosparacumple.com\/wp-content\/uploads\/2023\/03\/Frases-para-papa-1.png 700w\" sizes=\"auto, 250px\"><\/a><\/div><\/div><\/noscript><\/div><script type=\"application\/json\" class=\"sgb-data\">{\"collectionColumns\":2,\"galleryType\":\"pgc_sgb_masonry\",\"galleryId\":\"b9529112\",\"images\":[{\"id\":1799,\"title\":\"feliz dia del padre\",\"url\":\"https:\/\/adornosparacumple.com\/wp-content\/uploads\/2023\/03\/feliz-dia-del-padre.png\",\"link\":\"https:\/\/adornosparacumple.com\/?attachment_id=1799\",\"alt\":\"\",\"description\":\"\",\"caption\":\"\",\"mime\":\"image\/png\",\"type\":\"image\",\"width\":700,\"height\":500,\"sizes\":{\"thumbnail\":{\"url\":\"https:\/\/adornosparacumple.com\/wp-content\/uploads\/2023\/03\/feliz-dia-del-padre-150x150.png\",\"height\":150,\"width\":150,\"orientation\":\"landscape\"},\"medium\":{\"url\":\"https:\/\/adornosparacumple.com\/wp-content\/uploads\/2023\/03\/feliz-dia-del-padre-300x214.png\",\"height\":214,\"width\":300,\"orientation\":\"landscape\"},\"full\":{\"url\":\"https:\/\/adornosparacumple.com\/wp-content\/uploads\/2023\/03\/feliz-dia-del-padre.png\",\"height\":500,\"width\":700,\"orientation\":\"landscape\"}},\"meta\":false,\"postlink\":\"https:\/\/adornosparacumple.com\/?attachment_id=1799\"},{\"id\":1800,\"title\":\"feliz dia papa\",\"url\":\"https:\/\/adornosparacumple.com\/wp-content\/uploads\/2023\/03\/feliz-dia-papa.png\",\"link\":\"https:\/\/adornosparacumple.com\/?attachment_id=1800\",\"alt\":\"\",\"description\":\"\",\"caption\":\"\",\"mime\":\"image\/png\",\"type\":\"image\",\"width\":700,\"height\":500,\"sizes\":{\"thumbnail\":{\"url\":\"https:\/\/adornosparacumple.com\/wp-content\/uploads\/2023\/03\/feliz-dia-papa-150x150.png\",\"height\":150,\"width\":150,\"orientation\":\"landscape\"},\"medium\":{\"url\":\"https:\/\/adornosparacumple.com\/wp-content\/uploads\/2023\/03\/feliz-dia-papa-300x214.png\",\"height\":214,\"width\":300,\"orientation\":\"landscape\"},\"full\":{\"url\":\"https:\/\/adornosparacumple.com\/wp-content\/uploads\/2023\/03\/feliz-dia-papa.png\",\"height\":500,\"width\":700,\"orientation\":\"landscape\"}},\"meta\":false,\"postlink\":\"https:\/\/adornosparacumple.com\/?attachment_id=1800\"},{\"id\":1801,\"title\":\"Frases para papa\",\"url\":\"https:\/\/adornosparacumple.com\/wp-content\/uploads\/2023\/03\/Frases-para-papa.png\",\"link\":\"https:\/\/adornosparacumple.com\/?attachment_id=1801\",\"alt\":\"\",\"description\":\"\",\"caption\":\"\",\"mime\":\"image\/png\",\"type\":\"image\",\"width\":700,\"height\":500,\"sizes\":{\"thumbnail\":{\"url\":\"https:\/\/adornosparacumple.com\/wp-content\/uploads\/2023\/03\/Frases-para-papa-150x150.png\",\"height\":150,\"width\":150,\"orientation\":\"landscape\"},\"medium\":{\"url\":\"https:\/\/adornosparacumple.com\/wp-content\/uploads\/2023\/03\/Frases-para-papa-300x214.png\",\"height\":214,\"width\":300,\"orientation\":\"landscape\"},\"full\":{\"url\":\"https:\/\/adornosparacumple.com\/wp-content\/uploads\/2023\/03\/Frases-para-papa.png\",\"height\":500,\"width\":700,\"orientation\":\"landscape\"}},\"meta\":false,\"postlink\":\"https:\/\/adornosparacumple.com\/?attachment_id=1801\"},{\"id\":1802,\"title\":\"Frases para papa (1)\",\"url\":\"https:\/\/adornosparacumple.com\/wp-content\/uploads\/2023\/03\/Frases-para-papa-1.png\",\"link\":\"https:\/\/adornosparacumple.com\/?attachment_id=1802\",\"alt\":\"\",\"description\":\"\",\"caption\":\"\",\"mime\":\"image\/png\",\"type\":\"image\",\"width\":700,\"height\":500,\"sizes\":{\"thumbnail\":{\"url\":\"https:\/\/adornosparacumple.com\/wp-content\/uploads\/2023\/03\/Frases-para-papa-1-150x150.png\",\"height\":150,\"width\":150,\"orientation\":\"landscape\"},\"medium\":{\"url\":\"https:\/\/adornosparacumple.com\/wp-content\/uploads\/2023\/03\/Frases-para-papa-1-300x214.png\",\"height\":214,\"width\":300,\"orientation\":\"landscape\"},\"full\":{\"url\":\"https:\/\/adornosparacumple.com\/wp-content\/uploads\/2023\/03\/Frases-para-papa-1.png\",\"height\":500,\"width\":700,\"orientation\":\"landscape\"}},\"meta\":false,\"postlink\":\"https:\/\/adornosparacumple.com\/?attachment_id=1802\"}],\"TrpContentRestriction\":{\"restriction_type\":\"exclude\",\"selected_languages\":[],\"panel_open\":true},\"itemsMetaDataCollection\":[]}<\/script><script>(function(){if(window.PGC_SGB && window.PGC_SGB.searcher){window.PGC_SGB.searcher.initBlocks()}})()<\/script><\/div>\n\n\n<div class=\"wp-block-simple-note-quote\">Pap\u00e1, es un d\u00eda de fiesta tanto para ti como para m\u00ed. Ambos lo celebraremos a lo grande: t\u00fa por tenerme y yo por tenerte a ti. Felicidades Pap\u00e1.<\/div>\n\n\n\n<div class=\"wp-block-simple-note-quote\">\u00a0Pap\u00e1, aunque nos separen muchos kil\u00f3metros, siempre te tengo a mi lado y estas presente en mis pensamientos. En este d\u00eda especial te deseo lo mejor.<\/div>\n\n\n\n<div class=\"wp-block-simple-note-quote\">El mejor regalo del mundo es tenerte como padre. El regalo en el d\u00eda del padre en realidad me lo das t\u00fa. \u00a1Felicidades pap\u00e1!<\/div>\n\n\n\n<div class=\"wp-block-simple-note-quote\">Mi padre es como un mago capaz de transformar la tristeza en alegr\u00eda, el fastidio en entretenimiento y la desesperanza en ilusi\u00f3n. \u00a1Feliz d\u00eda, pap\u00e1!<\/div>\n\n\n\n<div class=\"wp-block-simple-note-quote\">Estoy agradecido a ti pap\u00e1, porque en cada ca\u00edda siempre he encontrado tus manos para ayudarme a levantarme. \u00a1Gracias pap\u00e1!<\/div>\n\n\n\n<div class=\"wp-block-simple-note-quote\">Mi padre es el mejor padre del mundo. \u00c9l cre\u00f3 mi mundo. Felicidades por el d\u00eda del padre. Te quiero mucho.<\/div>\n\n\n\n<div class=\"wp-block-simple-note-quote\">Gracias por educarme de esta manera. Te debo todo lo que soy y me siento orgulloso de mi mismo. En este tu d\u00eda te deseo lo mejor pap\u00e1.<\/div>\n\n\n\n<div class=\"wp-block-simple-note-quote\">Tengo un padre maravilloso. Te agradezco y te deseo muchas felicidades en este d\u00eda.<\/div>\n\n\n\n<div class=\"wp-block-greenshift-blocks-row gspb_row gspb_row-id-gsbp-9f01cd9\" id=\"gspb_row-id-gsbp-9f01cd9\"><div class=\"gspb_row__content\"> \n<div class=\"wp-block-greenshift-blocks-row-column gspb_row__col--12 gspb_col-id-gsbp-77abd32\" id=\"gspb_col-id-gsbp-77abd32\">    <div class=\"hostinger-affiliate-block-single-type\">\n                    <div class=\"hostinger-affiliate-block-single-type__image\">\n                <a href=\"https:\/\/www.amazon.com\/dp\/9790781261?linkCode=ogi&#038;th=1&#038;psc=1&#038;tag=senorcraft-20\" target=\"_blank\" rel=\"nofollow noopener noreferrer\">\n                    <img decoding=\"async\" src=\"https:\/\/m.media-amazon.com\/images\/I\/41JzcXnis2L._SL500_.jpg\" alt=\"Azzaro Chrome Eau de Toilette - Fresh Aquatic Mens Cologne - Citr...\">\n                <\/a>\n            <\/div>\n                    <div class=\"hostinger-affiliate-block-single-type__product-data\">\n            <div class=\"hostinger-affiliate-block-single-type__product-title\">\n                <a href=\"https:\/\/www.amazon.com\/dp\/9790781261?linkCode=ogi&#038;th=1&#038;psc=1&#038;tag=senorcraft-20\" target=\"_blank\" rel=\"nofollow noopener noreferrer\">\n                    <h3>\n                        Azzaro Chrome Eau de Toilette &#8211; Fresh Aquatic Mens Cologne &#8211; Citr&#8230;                    <\/h3>\n                <\/a>\n            <\/div>\n                            <div class=\"hostinger-affiliate-block-single-type__product-description\">\n                            <ul>\n                                <li>This item is made in France<\/li>\n                                        <li>Due to manufacturer packaging changes, product packaging may vary from image shown<\/li>\n                                        <li>This item is by designer Loris Azzaro<\/li>\n                            <\/ul>\n                        <\/div>\n                            <div class=\"hostinger-affiliate-block-single-type__product-actions\">\n                                    <div class=\"hostinger-affiliate-block-single-type__product-price\">\n                        $86.00                    <\/div>\n                                        <div class=\"hostinger-affiliate-block-single-type__product-prime\">\n                        <img decoding=\"async\" src=\"https:\/\/adornosparacumple.com\/wp-content\/plugins\/hostinger-affiliate-plugin\/assets\/img\/prime.png\" alt=\"Is prime\">\n                    <\/div>\n                                    <div class=\"hostinger-affiliate-block-single-type__product-button-wrap\">\n                    <a href=\"https:\/\/www.amazon.com\/dp\/9790781261?linkCode=ogi&#038;th=1&#038;psc=1&#038;tag=senorcraft-20\" class=\"hostinger-affiliate-block-single-type__product-amazon-button\" target=\"_blank\" rel=\"nofollow noopener noreferrer\">\n    Buy on Amazon<\/a>\n                <\/div>\n\n            <\/div>\n        <\/div>\n    <\/div>\n    <\/div>\n <\/div><\/div>\n\n\n\n<div class=\"wp-block-simple-note-quote\">Querido padre, pasa mucho m\u00e1s tiempo con nosotros y sigue energiz\u00e1ndonos e ilumin\u00e1ndonos con tu alegr\u00eda. \u00a1Feliz D\u00eda del Padre!<\/div>\n\n\n\n<div class=\"wp-block-simple-note-quote\">Querido padre te mereces todo mi respeto y admiraci\u00f3n. Gracias por brindarme tu ayuda siempre que la he necesitado. Gracias por apoyarme tanto en los buenos como en los malos momentos. Saber que siempre puedo contar contigo para cualquier cosa y en cualquier momento es maravilloso.<\/div>\n\n\n\n<div class=\"wp-block-simple-note-quote\">Un padre es alguien que se preocupa, ama y protege a sus hijos hasta el final de sus d\u00edas. Gracias por hacer todo esto y mucho m\u00e1s. \u00a1Felicidades por el D\u00eda del Padre!<\/div>\n\n\n\n<div class=\"wp-block-simple-note-quote\">Un padre posee la sabidur\u00eda de un maestro y la sinceridad de un amigo. \u00a1Salud por el D\u00eda del Padre!<\/div>\n\n\n\n<div class=\"wp-block-simple-note-quote\">Ayer me cambi\u00f3 los pa\u00f1ales. Hoy me ayuda en la vida. Cada d\u00eda admiro m\u00e1s a mi padre. \u00a1Felicidades\u00a0 por el D\u00eda del Padre!<\/div>\n\n\n\n<div class=\"wp-block-simple-note-quote\">Gracias, pap\u00e1, por todo lo que me ense\u00f1aste, por tus consejos y apoyo en los momentos dif\u00edciles. \u00a1Felicidades por el D\u00eda del Padre! Hoy, como cada a\u00f1o, quiero felicitarte por tu paternidad, darte las gracias por estar a mi lado y recordarte que, te quiero.<\/div>\n\n\n\n<div class=\"wp-block-simple-note-quote\">\u00a0No hay m\u00e1s grande tesoro como un buen padre, por eso siempre estar\u00e9 agradecido a Dios por ponerte a ti como mi padre, felicidades en tu d\u00eda querido pap\u00e1.<\/div>\n\n\n<style><\/style>","protected":false},"excerpt":{"rendered":"<p>Las mejores frases para el d\u00eda del Padre Celebremos juntos el D\u00eda del Padre. En este art\u00edculo, te ofrecemos nuestra selecci\u00f3n de los mejores refranes para homenajear a todos los padres en su d\u00eda especial. Estos refranes pueden ayudarte a expresar todo tu amor y gratitud hacia tu pap\u00e1, desde palabras conmovedoras y emotivas hasta [&hellip;]<\/p>\n","protected":false},"author":2,"featured_media":1567,"comment_status":"open","ping_status":"open","sticky":false,"template":"","format":"standard","meta":{"_gspb_post_css":"#gspb_row-id-gsbp-f874a9d>.gspb_row__content{display:flex;justify-content:space-between;margin:0 auto;width:100%;flex-wrap:wrap}.gspb_row{position:relative}div[id^=gspb_col-id]{box-sizing:border-box;position:relative;padding:15px min(3vw,20px)}#gspb_col-id-gsbp-c006ee5.gspb_row__col--12{width:100%}@media (max-width:575.98px){#gspb_col-id-gsbp-c006ee5.gspb_row__col--12{width:100%}}#gspb_row-id-gsbp-9f01cd9,#gspb_row-id-gsbp-f874a9d{justify-content:space-between;display:flex;flex-wrap:wrap;margin-top:30px;margin-bottom:30px;box-shadow:0 15px 25px 0 rgba(0,0,0,.1);background-color:var(--wp--preset--color--palette-color-8, var(--theme-palette-color-8, #ffffff))}#gspb_row-id-gsbp-9f01cd9>.gspb_row__content{display:flex;justify-content:space-between;margin:0 auto;width:100%;flex-wrap:wrap}body.gspb-bodyfront #gspb_row-id-gsbp-9f01cd9>.gspb_row__content,body.gspb-bodyfront #gspb_row-id-gsbp-f874a9d>.gspb_row__content{width:var(--theme-container-width, 1200px);max-width:var(--theme-normal-container-max-width, 1200px)}#gspb_col-id-gsbp-77abd32.gspb_row__col--12{width:100%}@media (max-width:575.98px){#gspb_col-id-gsbp-77abd32.gspb_row__col--12{width:100%}}","pgc_sgb_lightbox_settings":"","ultp_fs_post_author":"","ultp_fs_post_email":"","ultp_fs_post_author_url":"","footnotes":""},"categories":[102],"tags":[],"class_list":["post-1562","post","type-post","status-publish","format-standard","has-post-thumbnail","hentry","category-frases-para-dias-festivos"],"blocksy_meta":[],"featured_image_src":"https:\/\/adornosparacumple.com\/wp-content\/uploads\/2023\/03\/Frases-para-el-dia-del-Padre-.png","author_info":{"display_name":"Alejandro Nes","author_link":"https:\/\/adornosparacumple.com\/en\/author\/alejandro123\/"},"jetpack_featured_media_url":"https:\/\/adornosparacumple.com\/wp-content\/uploads\/2023\/03\/Frases-para-el-dia-del-Padre-.png","_links":{"self":[{"href":"https:\/\/adornosparacumple.com\/en\/wp-json\/wp\/v2\/posts\/1562","targetHints":{"allow":["GET"]}}],"collection":[{"href":"https:\/\/adornosparacumple.com\/en\/wp-json\/wp\/v2\/posts"}],"about":[{"href":"https:\/\/adornosparacumple.com\/en\/wp-json\/wp\/v2\/types\/post"}],"author":[{"embeddable":true,"href":"https:\/\/adornosparacumple.com\/en\/wp-json\/wp\/v2\/users\/2"}],"replies":[{"embeddable":true,"href":"https:\/\/adornosparacumple.com\/en\/wp-json\/wp\/v2\/comments?post=1562"}],"version-history":[{"count":1,"href":"https:\/\/adornosparacumple.com\/en\/wp-json\/wp\/v2\/posts\/1562\/revisions"}],"predecessor-version":[{"id":4984,"href":"https:\/\/adornosparacumple.com\/en\/wp-json\/wp\/v2\/posts\/1562\/revisions\/4984"}],"wp:featuredmedia":[{"embeddable":true,"href":"https:\/\/adornosparacumple.com\/en\/wp-json\/wp\/v2\/media\/1567"}],"wp:attachment":[{"href":"https:\/\/adornosparacumple.com\/en\/wp-json\/wp\/v2\/media?parent=1562"}],"wp:term":[{"taxonomy":"category","embeddable":true,"href":"https:\/\/adornosparacumple.com\/en\/wp-json\/wp\/v2\/categories?post=1562"},{"taxonomy":"post_tag","embeddable":true,"href":"https:\/\/adornosparacumple.com\/en\/wp-json\/wp\/v2\/tags?post=1562"}],"curies":[{"name":"wp","href":"https:\/\/api.w.org\/{rel}","templated":true}]}}