{"id":1208,"date":"2023-04-30T02:29:24","date_gmt":"2023-04-30T02:29:24","guid":{"rendered":"https:\/\/adornosparacumple.com\/?p=2046"},"modified":"2024-10-06T03:21:57","modified_gmt":"2024-10-06T03:21:57","slug":"why-is-mens-day-celebrated","status":"publish","type":"post","link":"https:\/\/adornosparacumple.com\/en\/why-is-mens-day-celebrated\/","title":{"rendered":"Why is Men's Day celebrated?"},"content":{"rendered":"<h2 class=\"wp-block-heading\" id=\"sabes-por-que-se-celebra-el-dia-del-hombre-el-19-de-noviembre-de-cada-ano\">Do you know why Men's Day is celebrated on November 19 every year? <\/h2>\n\n\n\n<p>In our society, most of the attention is focused on the fight for gender equality and the protection of women's rights, but<strong> What about the role of men in our culture?<\/strong> Men's Day is an opportunity to reflect on this and recognize the importance of men in our lives.<\/p>\n\n\n\n<script src=\"https:\/\/meiro-prod.fra1.digitaloceanspaces.com\/iframeResizer.min.js\"><\/script>\n<iframe id=\"meiro_3637577\" data-meiro-src=\"https:\/\/go.meiro.cc\/3637577\" width=\"100%\" frameborder=\"0\"><\/iframe>\n<script>\n  (function() {\n    var script = document.createElement('script');\n    script.src = 'https:\/\/meiro-prod.fra1.digitaloceanspaces.com\/iframeResizer.min.js';\n    script.async = true;\n    script.onload = function() {\n        var iframe = document.getElementById('meiro_3637577');\n        if (iframe) {\n            iframe.src = iframe.getAttribute('data-meiro-src');\n            iframe.removeAttribute('data-meiro-src');\n            iframe.onload = function () {\n              iFrameResize({\n                  checkOrigin: false,\n                  heightCalculationMethod: 'grow',\n              }, '#meiro_3637577');\n            }\n        }\n    };\n    document.head.appendChild(script);\n  })();\n<\/script>\n\n\n\n<h2 class=\"wp-block-heading\" id=\"que-es-el-dia-del-hombre\">What is Men's Day?<\/h2>\n\n\n\n<p>Men's Day is celebrated on <strong>November 19 of each year<\/strong>. It was created in 1992 by <strong><a href=\"https:\/\/es.wikipedia.org\/wiki\/D%C3%ADa_Internacional_del_Hombre\" target=\"_blank\" data-type=\"URL\" data-id=\"https:\/\/es.wikipedia.org\/wiki\/D%C3%ADa_Internacional_del_Hombre\" rel=\"noreferrer noopener nofollow\">Thomas Oaster<\/a><\/strong>a professor from Missouri, United States. The objective of this celebration is to highlight the importance of men in our lives and to promote their well-being.<\/p>\n\n\n\n<h2 class=\"wp-block-heading\" id=\"por-que-se-celebra-el-dia-del-hombre\">Why is Men's Day celebrated?<\/h2>\n\n\n\n<p>Men's Day was created in response to International Women's Day, which is celebrated on March 8 each year. While the two days have a different purpose, they both aim to promote gender equality and improve the lives of all people.<\/p>\n\n\n\n<div class=\"wp-block-greenshift-blocks-row gspb_row gspb_row-id-gsbp-f874a9d\" id=\"gspb_row-id-gsbp-f874a9d\"><div class=\"gspb_row__content\"> \n<div class=\"wp-block-greenshift-blocks-row-column gspb_row__col--12 gspb_col-id-gsbp-c006ee5\" id=\"gspb_col-id-gsbp-c006ee5\">    <div class=\"hostinger-affiliate-block-single-type\">\n                    <div class=\"hostinger-affiliate-block-single-type__image\">\n                <a href=\"https:\/\/www.amazon.com\/dp\/B000QSNYGI?linkCode=ogi&#038;th=1&#038;psc=1&#038;tag=senorcraft-20\" target=\"_blank\" rel=\"nofollow noopener noreferrer\">\n                    <img decoding=\"async\" src=\"https:\/\/m.media-amazon.com\/images\/I\/419XVOwcxIL._SL500_.jpg\" alt=\"Optimum Nutrition Gold Standard 100% Whey Protein Powder, Double ...\">\n                <\/a>\n            <\/div>\n                    <div class=\"hostinger-affiliate-block-single-type__product-data\">\n            <div class=\"hostinger-affiliate-block-single-type__product-title\">\n                <a href=\"https:\/\/www.amazon.com\/dp\/B000QSNYGI?linkCode=ogi&#038;th=1&#038;psc=1&#038;tag=senorcraft-20\" target=\"_blank\" rel=\"nofollow noopener noreferrer\">\n                    <h3>\n                        Optimum Nutrition Gold Standard 100% Whey Protein Powder, Double &#8230;                    <\/h3>\n                <\/a>\n            <\/div>\n                            <div class=\"hostinger-affiliate-block-single-type__product-description\">\n                            <ul>\n                                <li>Packaging May Vary &#8211; New look, with the same trusted quality<\/li>\n                                        <li>GOLD STANDARD 100% WHEY BLEND \u2013 24g blended protein consisting of whey protein isolate, whey protein concentrate, and wh&#8230;<\/li>\n                                        <li>OVER 5G OF BCAAS - help build lean and strong muscles with naturally occurring BCAAs<\/li>\n                            <\/ul>\n                        <\/div>\n                            <div class=\"hostinger-affiliate-block-single-type__product-actions\">\n                                    <div class=\"hostinger-affiliate-block-single-type__product-price\">\n                        $81.48                    <\/div>\n                                        <div class=\"hostinger-affiliate-block-single-type__product-prime\">\n                        <img decoding=\"async\" src=\"https:\/\/adornosparacumple.com\/wp-content\/plugins\/hostinger-affiliate-plugin\/assets\/img\/prime.png\" alt=\"Is prime\">\n                    <\/div>\n                                    <div class=\"hostinger-affiliate-block-single-type__product-button-wrap\">\n                    <a href=\"https:\/\/www.amazon.com\/dp\/B000QSNYGI?linkCode=ogi&#038;th=1&#038;psc=1&#038;tag=senorcraft-20\" class=\"hostinger-affiliate-block-single-type__product-amazon-button\" target=\"_blank\" rel=\"nofollow noopener noreferrer\">\n    Buy on Amazon<\/a>\n                <\/div>\n\n            <\/div>\n        <\/div>\n    <\/div>\n    <\/div>\n <\/div><\/div>\n\n\n\n<h2 class=\"wp-block-heading\" id=\"cual-es-el-proposito-del-dia-del-hombre\">What is the purpose of Men's Day?<\/h2>\n\n\n\n<p>The purpose of Men's Day is to promote greater awareness of issues affecting men, including mental health, domestic violence, discrimination, and access to resources and services. In addition, Men's Day is an opportunity to celebrate the achievements and contributions of men in our society.<\/p>\n\n\n\n<h2 class=\"wp-block-heading\" id=\"por-que-es-importante-celebrar-el-dia-del-hombre\">Why is it important to celebrate Men's Day?<\/h2>\n\n\n\n<p>It is important to celebrate Men's Day because men also face challenges in society. Gender discrimination and social pressure to conform to certain gender roles can negatively affect men. Celebrating Men's Day is an opportunity to recognize these challenges and work together to address them.<\/p>\n\n\n\n<h2 class=\"wp-block-heading\" id=\"la-importancia-de-la-salud-mental-en-el-dia-del-hombre\">The importance of mental health on Men's Day<\/h2>\n\n\n\n<figure class=\"wp-block-image aligncenter size-full is-resized\"><img decoding=\"async\" src=\"https:\/\/adornosparacumple.com\/wp-content\/uploads\/2023\/04\/La-importancia-de-la-salud-mental-en-el-Dia-del-Hombre.png\" alt=\"The importance of mental health on Men&#039;s Day\" class=\"wp-image-2047\" style=\"width:350px;height:250px\"\/><\/figure>\n\n\n\n<p>One of the most important topics discussed on Men's Day is mental health. Mental health is a major issue for men, as they may be less likely to seek help due to social pressure and stigmatization. Promoting mental health on Men's Day can help raise awareness of these issues and encourage men to seek help.<\/p>\n\n\n\n<h2 class=\"wp-block-heading\" id=\"la-discriminacion-en-el-lugar-de-trabajo-en-el-dia-del-hombre\">Discrimination in the workplace on Men's Day<\/h2>\n\n\n\n<p>Discrimination in the workplace can also be a problem for men. Gender stereotypes and discrimination can prevent men from advancing their careers and obtaining fair employment opportunities. Men's Day is an opportunity to address these issues and promote equality in the workplace.<\/p>\n\n\n\n<div class=\"wp-block-greenshift-blocks-row gspb_row gspb_row-id-gsbp-509e288\" id=\"gspb_row-id-gsbp-509e288\"><div class=\"gspb_row__content\"> \n<div class=\"wp-block-greenshift-blocks-row-column gspb_row__col--12 gspb_col-id-gsbp-aa2a21b\" id=\"gspb_col-id-gsbp-aa2a21b\">    <div class=\"hostinger-affiliate-block-single-type\">\n                    <div class=\"hostinger-affiliate-block-single-type__image\">\n                <a href=\"https:\/\/www.amazon.com\/dp\/B07Y89177Z?linkCode=ogi&#038;th=1&#038;psc=1&#038;tag=senorcraft-20\" target=\"_blank\" rel=\"nofollow noopener noreferrer\">\n                    <img decoding=\"async\" src=\"https:\/\/m.media-amazon.com\/images\/I\/512U5nyvieL._SL500_.jpg\" alt=\"COOFANDY Men&#039;s 2 Pack Workout Hooded Tank Tops Bodybuilding Muscl...\">\n                <\/a>\n            <\/div>\n                    <div class=\"hostinger-affiliate-block-single-type__product-data\">\n            <div class=\"hostinger-affiliate-block-single-type__product-title\">\n                <a href=\"https:\/\/www.amazon.com\/dp\/B07Y89177Z?linkCode=ogi&#038;th=1&#038;psc=1&#038;tag=senorcraft-20\" target=\"_blank\" rel=\"nofollow noopener noreferrer\">\n                    <h3>\n                        COOFANDY Men&#8217;s 2 Pack Workout Hooded Tank Tops Bodybuilding Muscl&#8230;                    <\/h3>\n                <\/a>\n            <\/div>\n                            <div class=\"hostinger-affiliate-block-single-type__product-description\">\n                            <ul>\n                                <li>Hoodie Material : The workout hooded tank top is made with a blend fabric. soft and lightweight to the touch, breathable&#8230;<\/li>\n                                        <li>Muscle Cut Off Shirt : Men&#8217;s hooded gym shirt is sleeveless design , hot color matching , and a practical kangaroo pocke&#8230;<\/li>\n                                        <li>Workout Hooded Tank Top: This sleeveless workout gym hoodie can show your strong arms and body shape perfectly.Whether f&#8230;<\/li>\n                            <\/ul>\n                        <\/div>\n                            <div class=\"hostinger-affiliate-block-single-type__product-actions\">\n                                    <div class=\"hostinger-affiliate-block-single-type__product-price\">\n                        $29.99                    <\/div>\n                                        <div class=\"hostinger-affiliate-block-single-type__product-prime\">\n                        <img decoding=\"async\" src=\"https:\/\/adornosparacumple.com\/wp-content\/plugins\/hostinger-affiliate-plugin\/assets\/img\/prime.png\" alt=\"Is prime\">\n                    <\/div>\n                                    <div class=\"hostinger-affiliate-block-single-type__product-button-wrap\">\n                    <a href=\"https:\/\/www.amazon.com\/dp\/B07Y89177Z?linkCode=ogi&#038;th=1&#038;psc=1&#038;tag=senorcraft-20\" class=\"hostinger-affiliate-block-single-type__product-amazon-button\" target=\"_blank\" rel=\"nofollow noopener noreferrer\">\n    Buy on Amazon<\/a>\n                <\/div>\n\n            <\/div>\n        <\/div>\n    <\/div>\n    <\/div>\n <\/div><\/div>\n\n\n\n<h2 class=\"wp-block-heading\" id=\"la-importancia-del-papel-de-los-padres-en-el-dia-del-hombre\">The importance of the role of fathers on Men's Day<\/h2>\n\n\n\n<p>Another important theme on Men's Day is the role of fathers in the family and in society. Fathers can have a significant impact on the lives of their children and on society as a whole. Responsible and loving fatherhood is essential to raising happy and healthy children. Men's Day is an opportunity to celebrate the role of fathers in society and promote positive fatherhood.<\/p>\n\n\n\n<h2 class=\"wp-block-heading\" id=\"la-celebracion-del-dia-del-hombre-en-todo-el-mundo\">Celebrating Men's Day around the world<\/h2>\n\n\n\n<p>Men's Day is celebrated all over the world, although it is not celebrated everywhere on the same day. In some countries, such as Russia, it is celebrated on <strong>February 23rd<\/strong>while other countries celebrate the <strong>November 19<\/strong>. The celebration of Men's Day is an opportunity to unite people around the world in a common cause.<\/p>\n\n\n\n<figure class=\"wp-block-image aligncenter size-full is-resized\"><img decoding=\"async\" src=\"https:\/\/adornosparacumple.com\/wp-content\/uploads\/2023\/04\/celebracion-del-Dia-del-Hombre.png\" alt=\"Men&#039;s Day celebration\" class=\"wp-image-2048\" style=\"width:350px;height:250px\"\/><\/figure>\n\n\n\n<h2 class=\"wp-block-heading\" id=\"conclusion\">Conclusion<\/h2>\n\n\n\n<p>Men's Day is an opportunity to reflect on the role of men in our society and promote their well-being. It is important to recognize the challenges men face and work together to address them. Celebrating Men's Day is also an opportunity to recognize the achievements and contributions of men in our society and to promote greater gender equality, if you would like to dedicate a message to them visit <a href=\"https:\/\/adornosparacumple.com\/en\/category\/family-phrases\/\" data-type=\"URL\" data-id=\"https:\/\/adornosparacumple.com\/category\/frases-familia\/\">our phrases section<\/a>.<\/p>","protected":false},"excerpt":{"rendered":"<p>\u00bfSabes por qu\u00e9 se celebra el d\u00eda del hombre el 19 de noviembre de cada a\u00f1o? En nuestra sociedad, la mayor parte de la atenci\u00f3n se centra en la lucha por la igualdad de g\u00e9nero y la protecci\u00f3n de los derechos de las mujeres, pero \u00bfQu\u00e9 hay del papel de los hombres en nuestra cultura? [&hellip;]<\/p>\n","protected":false},"author":2,"featured_media":1114,"comment_status":"open","ping_status":"open","sticky":false,"template":"","format":"standard","meta":{"_gspb_post_css":"#gspb_row-id-gsbp-f874a9d>.gspb_row__content{display:flex;justify-content:space-between;margin:0 auto;width:100%;flex-wrap:wrap}.gspb_row{position:relative}div[id^=gspb_col-id]{box-sizing:border-box;position:relative;padding:15px min(3vw,20px)}#gspb_col-id-gsbp-c006ee5.gspb_row__col--12{width:100%}@media (max-width:575.98px){#gspb_col-id-gsbp-c006ee5.gspb_row__col--12{width:100%}}#gspb_row-id-gsbp-509e288,#gspb_row-id-gsbp-f874a9d{justify-content:space-between;display:flex;flex-wrap:wrap;margin-top:30px;margin-bottom:30px;box-shadow:0 15px 25px 0 rgba(0,0,0,.1);background-color:var(--wp--preset--color--palette-color-8, var(--theme-palette-color-8, #ffffff))}#gspb_row-id-gsbp-509e288>.gspb_row__content{display:flex;justify-content:space-between;margin:0 auto;width:100%;flex-wrap:wrap}body.gspb-bodyfront #gspb_row-id-gsbp-509e288>.gspb_row__content,body.gspb-bodyfront #gspb_row-id-gsbp-f874a9d>.gspb_row__content{width:var(--theme-container-width, 1200px);max-width:var(--theme-normal-container-max-width, 1200px)}#gspb_col-id-gsbp-aa2a21b.gspb_row__col--12{width:100%}@media (max-width:575.98px){#gspb_col-id-gsbp-aa2a21b.gspb_row__col--12{width:100%}}","pgc_sgb_lightbox_settings":"","ultp_fs_post_author":"","ultp_fs_post_email":"","ultp_fs_post_author_url":"","footnotes":""},"categories":[103],"tags":[],"class_list":["post-1208","post","type-post","status-publish","format-standard","has-post-thumbnail","hentry","category-noticias"],"blocksy_meta":[],"featured_image_src":"https:\/\/adornosparacumple.com\/wp-content\/uploads\/2023\/04\/\u00bfPor-que-se-celebra-el-dia-del-hombre.png","author_info":{"display_name":"Alejandro Nes","author_link":"https:\/\/adornosparacumple.com\/en\/author\/alejandro123\/"},"jetpack_featured_media_url":"https:\/\/adornosparacumple.com\/wp-content\/uploads\/2023\/04\/\u00bfPor-que-se-celebra-el-dia-del-hombre.png","_links":{"self":[{"href":"https:\/\/adornosparacumple.com\/en\/wp-json\/wp\/v2\/posts\/1208","targetHints":{"allow":["GET"]}}],"collection":[{"href":"https:\/\/adornosparacumple.com\/en\/wp-json\/wp\/v2\/posts"}],"about":[{"href":"https:\/\/adornosparacumple.com\/en\/wp-json\/wp\/v2\/types\/post"}],"author":[{"embeddable":true,"href":"https:\/\/adornosparacumple.com\/en\/wp-json\/wp\/v2\/users\/2"}],"replies":[{"embeddable":true,"href":"https:\/\/adornosparacumple.com\/en\/wp-json\/wp\/v2\/comments?post=1208"}],"version-history":[{"count":1,"href":"https:\/\/adornosparacumple.com\/en\/wp-json\/wp\/v2\/posts\/1208\/revisions"}],"predecessor-version":[{"id":4878,"href":"https:\/\/adornosparacumple.com\/en\/wp-json\/wp\/v2\/posts\/1208\/revisions\/4878"}],"wp:featuredmedia":[{"embeddable":true,"href":"https:\/\/adornosparacumple.com\/en\/wp-json\/wp\/v2\/media\/1114"}],"wp:attachment":[{"href":"https:\/\/adornosparacumple.com\/en\/wp-json\/wp\/v2\/media?parent=1208"}],"wp:term":[{"taxonomy":"category","embeddable":true,"href":"https:\/\/adornosparacumple.com\/en\/wp-json\/wp\/v2\/categories?post=1208"},{"taxonomy":"post_tag","embeddable":true,"href":"https:\/\/adornosparacumple.com\/en\/wp-json\/wp\/v2\/tags?post=1208"}],"curies":[{"name":"wp","href":"https:\/\/api.w.org\/{rel}","templated":true}]}}