{"id":1205,"date":"2023-05-03T05:09:12","date_gmt":"2023-05-03T05:09:12","guid":{"rendered":"https:\/\/adornosparacumple.com\/?p=2064"},"modified":"2024-10-06T03:09:49","modified_gmt":"2024-10-06T03:09:49","slug":"why-is-womens-day-celebrated-on-march-8th","status":"publish","type":"post","link":"https:\/\/adornosparacumple.com\/en\/why-is-womens-day-celebrated-on-march-8th\/","title":{"rendered":"Why is Women's Day celebrated on March 8?"},"content":{"rendered":"<h2 class=\"wp-block-heading\" id=\"sabes-por-que-se-celebra-el-dia-de-la-mujer-el-8-de-marzo-aqui-te-cuento-todo-lo-que-tienes-que-saber\">Do you know why Women's Day is celebrated on March 8? Here's everything you need to know<\/h2>\n\n\n\n<p>International Women's Day is celebrated every year on March 8 to commemorate women's struggle for gender equality and the right to vote. This day has a long history dating back to the early 20th century. In this article, we will explore the history and meaning behind this special date and why it is still relevant today.<\/p>\n\n\n\n<script src=\"https:\/\/meiro-prod.fra1.digitaloceanspaces.com\/iframeResizer.min.js\"><\/script>\n<iframe id=\"meiro_5754990\" data-meiro-src=\"https:\/\/go.meiro.cc\/5754990\" width=\"100%\" frameborder=\"0\"><\/iframe>\n<script>\n  (function() {\n    var script = document.createElement('script');\n    script.src = 'https:\/\/meiro-prod.fra1.digitaloceanspaces.com\/iframeResizer.min.js';\n    script.async = true;\n    script.onload = function() {\n        var iframe = document.getElementById('meiro_5754990');\n        if (iframe) {\n            iframe.src = iframe.getAttribute('data-meiro-src');\n            iframe.removeAttribute('data-meiro-src');\n            iframe.onload = function () {\n              iFrameResize({\n                  checkOrigin: false,\n                  heightCalculationMethod: 'grow',\n              }, '#meiro_5754990');\n            }\n        }\n    };\n    document.head.appendChild(script);\n  })();\n<\/script>\n\n\n\n<h2 class=\"wp-block-heading\" id=\"historia-del-dia-internacional-de-la-mujer\">History of International Women's Day<\/h2>\n\n\n\n<p>The origin of International Women's Day dates back to the early 20th century in the United States and Europe, where working women began to organize and demand better working conditions and political rights. In 1908, the women of the Socialist Party of America organized a march in New York to demand the right to vote, better wages and fairer working conditions.<\/p>\n\n\n\n<p>In 1910, the Second International Conference of Socialist Women in Copenhagen, Denmark, proposed the idea of an International Women's Day to commemorate women's struggles and promote gender equality. Since then, the day has been celebrated around the world, although initially on different dates.<\/p>\n\n\n\n<p>Finally, in 1977, the United Nations General Assembly adopted a resolution proclaiming March 8 as International Women's Day.<\/p>\n\n\n\n<h2 class=\"wp-block-heading\" id=\"significado-del-dia-internacional-de-la-mujer\">Significance of International Women's Day<\/h2>\n\n\n\n<figure class=\"wp-block-image aligncenter size-full is-resized\"><img decoding=\"async\" src=\"https:\/\/adornosparacumple.com\/wp-content\/uploads\/2023\/05\/Significado-del-Dia-Internacional-de-la-Mujer.png\" alt=\"Significance of International Women&#039;s Day\" class=\"wp-image-2067\" style=\"width:350px;height:250px\"\/><\/figure>\n\n\n\n<p>International Women's Day is a day to celebrate the achievements of women in the struggle for gender equality and the recognition of their rights. It is also a day to reflect on the discrimination and violence still faced by women around the world and to unite in the fight against these injustices.<\/p>\n\n\n\n<p>The date also aims to remember women who have fought for gender equality and social justice, and to honor their legacy. Some of these women include <a href=\"https:\/\/es.wikipedia.org\/wiki\/Susan_B._Anthony\" target=\"_blank\" data-type=\"URL\" data-id=\"https:\/\/es.wikipedia.org\/wiki\/Susan_B._Anthony\" rel=\"noreferrer noopener nofollow\">Susan B. Anthony<\/a>Simone de Beauvoir, Frida Kahlo, Rosa Parks and Malala Yousafzai.<\/p>\n\n\n\n<div class=\"wp-block-greenshift-blocks-row gspb_row gspb_row-id-gsbp-f874a9d\" id=\"gspb_row-id-gsbp-f874a9d\"><div class=\"gspb_row__content\"> \n<div class=\"wp-block-greenshift-blocks-row-column gspb_row__col--12 gspb_col-id-gsbp-c006ee5\" id=\"gspb_col-id-gsbp-c006ee5\">    <div class=\"hostinger-affiliate-block-single-type\">\n                    <div class=\"hostinger-affiliate-block-single-type__image\">\n                <a href=\"https:\/\/www.amazon.com\/dp\/B0CNCJ5HMJ?linkCode=ogi&#038;th=1&#038;psc=1&#038;tag=senorcraft-20\" target=\"_blank\" rel=\"sponsored noopener noreferrer nofollow\">\n                    <img decoding=\"async\" src=\"https:\/\/m.media-amazon.com\/images\/I\/419Kz8sF4UL._SL500_.jpg\" alt=\"SABANI Portable Charger 35000mAh Power Bank - Portable Battery wi...\">\n                <\/a>\n            <\/div>\n                    <div class=\"hostinger-affiliate-block-single-type__product-data\">\n            <div class=\"hostinger-affiliate-block-single-type__product-title\">\n                <a href=\"https:\/\/www.amazon.com\/dp\/B0CNCJ5HMJ?linkCode=ogi&#038;th=1&#038;psc=1&#038;tag=senorcraft-20\" target=\"_blank\" rel=\"sponsored noopener noreferrer nofollow\">\n                    <h3>\n                        SABANI Portable Charger 35000mAh Power Bank &#8211; Portable Battery wi&#8230;                    <\/h3>\n                <\/a>\n            <\/div>\n                            <div class=\"hostinger-affiliate-block-single-type__product-description\">\n                            <ul>\n                                <li>Widely Compatibility Power Bank with Built-in Cables: N6 USB C portable charger has 4 built-in cables (iOS, Type C, USB &#8230;<\/li>\n                                        <li>All in One Portable Charger: Portable powerbank has 6 outputs and 2 inputs, you may charge 6 devices max at the same tim&#8230;<\/li>\n                                        <li>35,000mAh Huge Capacity with Remarkable Compact Design: Must the high-capacity charger be big and heavy? No, N6 subverts&#8230;<\/li>\n                            <\/ul>\n                        <\/div>\n                            <div class=\"hostinger-affiliate-block-single-type__product-actions\">\n                                    <div class=\"hostinger-affiliate-block-single-type__product-price\">\n                        $31.99                    <\/div>\n                                        <div class=\"hostinger-affiliate-block-single-type__product-prime\">\n                        <img decoding=\"async\" src=\"https:\/\/adornosparacumple.com\/wp-content\/plugins\/hostinger-affiliate-plugin\/assets\/img\/prime.png\" alt=\"Is prime\">\n                    <\/div>\n                                    <div class=\"hostinger-affiliate-block-single-type__product-button-wrap\">\n                    <a href=\"https:\/\/www.amazon.com\/dp\/B0CNCJ5HMJ?linkCode=ogi&#038;th=1&#038;psc=1&#038;tag=senorcraft-20\" class=\"hostinger-affiliate-block-single-type__product-amazon-button\" target=\"_blank\" rel=\"sponsored noopener noreferrer nofollow\">\n    Buy on Amazon<\/a>\n                <\/div>\n\n            <\/div>\n        <\/div>\n    <\/div>\n    <\/div>\n <\/div><\/div>\n\n\n\n<h2 class=\"wp-block-heading\" id=\"por-que-se-celebra-el-dia-internacional-de-la-mujer-el-8-de-marzo\">Why is International Women's Day celebrated on March 8?<\/h2>\n\n\n\n<p>March 8 was chosen as the official date of International Women's Day because it marks a series of historic events that relate to the struggle for gender equality.<\/p>\n\n\n\n<p>One of these events was the textile workers' strike that took place on March 8, 1857 in New York, in which women demanded better working conditions and an end to exploitation. This event was one of the first struggles organized by women in modern history.<\/p>\n\n\n\n<p>Another event that took place on March 8 was the strike of women workers at the Petrograd textile factory in Russia in 1917. This strike was an important factor in the Russian Revolution and led to the enactment of laws granting women political and civil rights.<\/p>\n\n\n\n<p>March 8 has therefore become a symbolic day to celebrate the achievements of women and their struggle for gender equality, and also to recognize that much remains to be done to achieve true equality of rights and opportunities for women around the world.<\/p>\n\n\n\n<div class=\"wp-block-greenshift-blocks-row gspb_row gspb_row-id-gsbp-45f7cfe\" id=\"gspb_row-id-gsbp-45f7cfe\"><div class=\"gspb_row__content\"> \n<div class=\"wp-block-greenshift-blocks-row-column gspb_row__col--12 gspb_col-id-gsbp-5fb0df5\" id=\"gspb_col-id-gsbp-5fb0df5\">    <div class=\"hostinger-affiliate-block-single-type\">\n                    <div class=\"hostinger-affiliate-block-single-type__image\">\n                <a href=\"https:\/\/www.amazon.com\/dp\/B0BQNFBT18?linkCode=ogi&#038;th=1&#038;psc=1&#038;tag=senorcraft-20\" target=\"_blank\" rel=\"sponsored noopener noreferrer nofollow\">\n                    <img decoding=\"async\" src=\"https:\/\/m.media-amazon.com\/images\/I\/41o3ocL3JfL._SL500_.jpg\" alt=\"SABRE Pepper Spray for Self Defense, Maximum Police Strength OC S...\">\n                <\/a>\n            <\/div>\n                    <div class=\"hostinger-affiliate-block-single-type__product-data\">\n            <div class=\"hostinger-affiliate-block-single-type__product-title\">\n                <a href=\"https:\/\/www.amazon.com\/dp\/B0BQNFBT18?linkCode=ogi&#038;th=1&#038;psc=1&#038;tag=senorcraft-20\" target=\"_blank\" rel=\"sponsored noopener noreferrer nofollow\">\n                    <h3>\n                        SABRE Pepper Spray for Self Defense, Maximum Police Strength OC S&#8230;                    <\/h3>\n                <\/a>\n            <\/div>\n                            <div class=\"hostinger-affiliate-block-single-type__product-description\">\n                            <ul>\n                                <li>TRUST THE PROFESSIONALS: SABRE is the #1 Pepper Spray brand trusted by police and consumers worldwide, including New Yor&#8230;<\/li>\n                                        <li>2X STRONGER: 4\/10 violent crimes involve offender alcohol use. Our max strength Pepper Spray safety keychain set for wom&#8230;<\/li>\n                                        <li>5X MORE PROTECTION: 42% of crimes are committed by multiple assailants &#8211; this pepper spray keychain has 25 bursts and ea&#8230;<\/li>\n                            <\/ul>\n                        <\/div>\n                            <div class=\"hostinger-affiliate-block-single-type__product-actions\">\n                                    <div class=\"hostinger-affiliate-block-single-type__product-price\">\n                        $14.20                    <\/div>\n                                        <div class=\"hostinger-affiliate-block-single-type__product-prime\">\n                        <img decoding=\"async\" src=\"https:\/\/adornosparacumple.com\/wp-content\/plugins\/hostinger-affiliate-plugin\/assets\/img\/prime.png\" alt=\"Is prime\">\n                    <\/div>\n                                    <div class=\"hostinger-affiliate-block-single-type__product-button-wrap\">\n                    <a href=\"https:\/\/www.amazon.com\/dp\/B0BQNFBT18?linkCode=ogi&#038;th=1&#038;psc=1&#038;tag=senorcraft-20\" class=\"hostinger-affiliate-block-single-type__product-amazon-button\" target=\"_blank\" rel=\"sponsored noopener noreferrer nofollow\">\n    Buy on Amazon<\/a>\n                <\/div>\n\n            <\/div>\n        <\/div>\n    <\/div>\n    <\/div>\n <\/div><\/div>\n\n\n\n<h2 class=\"wp-block-heading\" id=\"la-lucha-por-la-igualdad-de-genero-continua\">The fight for gender equality continues<\/h2>\n\n\n\n<figure class=\"wp-block-image aligncenter size-full is-resized\"><img decoding=\"async\" src=\"https:\/\/adornosparacumple.com\/wp-content\/uploads\/2023\/05\/La-lucha-por-la-igualdad-de-genero-continua.png\" alt=\"The fight for gender equality continues\" class=\"wp-image-2066\" style=\"width:350px;height:250px\"\/><\/figure>\n\n\n\n<p>Despite the progress made in the fight for gender equality, women still face a wide range of challenges around the world. Gender discrimination, domestic violence, unequal pay and lack of political representation are just some of the problems women still face in many countries.<\/p>\n\n\n\n<p>I invite you to review our news section so that you can be more informed about the <strong><a href=\"https:\/\/adornosparacumple.com\/en\/category\/news\/\" data-type=\"URL\" data-id=\"https:\/\/adornosparacumple.com\/category\/noticias\/\">meaning of important holidays<\/a><\/strong><\/p>","protected":false},"excerpt":{"rendered":"<p>\u00bfSabes por qu\u00e9 se celebra el D\u00eda de la Mujer el 8 de marzo? Aqu\u00ed te cuento todo lo que tienes que saber El D\u00eda Internacional de la Mujer se celebra cada a\u00f1o el 8 de marzo para conmemorar la lucha de las mujeres por la igualdad de g\u00e9nero y el derecho al voto. Este [&hellip;]<\/p>\n","protected":false},"author":2,"featured_media":1103,"comment_status":"open","ping_status":"open","sticky":false,"template":"","format":"standard","meta":{"_gspb_post_css":"#gspb_row-id-gsbp-f874a9d>.gspb_row__content{display:flex;justify-content:space-between;margin:0 auto;width:100%;flex-wrap:wrap}.gspb_row{position:relative}div[id^=gspb_col-id]{box-sizing:border-box;position:relative;padding:15px min(3vw,20px)}#gspb_col-id-gsbp-c006ee5.gspb_row__col--12{width:100%}@media (max-width:575.98px){#gspb_col-id-gsbp-c006ee5.gspb_row__col--12{width:100%}}#gspb_row-id-gsbp-45f7cfe,#gspb_row-id-gsbp-f874a9d{justify-content:space-between;display:flex;flex-wrap:wrap;margin-top:30px;margin-bottom:30px;box-shadow:0 15px 25px 0 rgba(0,0,0,.1);background-color:var(--wp--preset--color--palette-color-8, var(--theme-palette-color-8, #ffffff))}#gspb_row-id-gsbp-45f7cfe>.gspb_row__content{display:flex;justify-content:space-between;margin:0 auto;width:100%;flex-wrap:wrap}body.gspb-bodyfront #gspb_row-id-gsbp-45f7cfe>.gspb_row__content,body.gspb-bodyfront #gspb_row-id-gsbp-f874a9d>.gspb_row__content{width:var(--theme-container-width, 1200px);max-width:var(--theme-normal-container-max-width, 1200px)}#gspb_col-id-gsbp-5fb0df5.gspb_row__col--12{width:100%}@media (max-width:575.98px){#gspb_col-id-gsbp-5fb0df5.gspb_row__col--12{width:100%}}","pgc_sgb_lightbox_settings":"","ultp_fs_post_author":"","ultp_fs_post_email":"","ultp_fs_post_author_url":"","footnotes":""},"categories":[103],"tags":[],"class_list":["post-1205","post","type-post","status-publish","format-standard","has-post-thumbnail","hentry","category-noticias"],"blocksy_meta":[],"featured_image_src":"https:\/\/adornosparacumple.com\/wp-content\/uploads\/2023\/05\/\u00bfPor-que-se-celebra-el-Dia-de-la-Mujer-el-8-de-marzo.png","author_info":{"display_name":"Alejandro Nes","author_link":"https:\/\/adornosparacumple.com\/en\/author\/alejandro123\/"},"jetpack_featured_media_url":"https:\/\/adornosparacumple.com\/wp-content\/uploads\/2023\/05\/\u00bfPor-que-se-celebra-el-Dia-de-la-Mujer-el-8-de-marzo.png","_links":{"self":[{"href":"https:\/\/adornosparacumple.com\/en\/wp-json\/wp\/v2\/posts\/1205","targetHints":{"allow":["GET"]}}],"collection":[{"href":"https:\/\/adornosparacumple.com\/en\/wp-json\/wp\/v2\/posts"}],"about":[{"href":"https:\/\/adornosparacumple.com\/en\/wp-json\/wp\/v2\/types\/post"}],"author":[{"embeddable":true,"href":"https:\/\/adornosparacumple.com\/en\/wp-json\/wp\/v2\/users\/2"}],"replies":[{"embeddable":true,"href":"https:\/\/adornosparacumple.com\/en\/wp-json\/wp\/v2\/comments?post=1205"}],"version-history":[{"count":1,"href":"https:\/\/adornosparacumple.com\/en\/wp-json\/wp\/v2\/posts\/1205\/revisions"}],"predecessor-version":[{"id":4872,"href":"https:\/\/adornosparacumple.com\/en\/wp-json\/wp\/v2\/posts\/1205\/revisions\/4872"}],"wp:featuredmedia":[{"embeddable":true,"href":"https:\/\/adornosparacumple.com\/en\/wp-json\/wp\/v2\/media\/1103"}],"wp:attachment":[{"href":"https:\/\/adornosparacumple.com\/en\/wp-json\/wp\/v2\/media?parent=1205"}],"wp:term":[{"taxonomy":"category","embeddable":true,"href":"https:\/\/adornosparacumple.com\/en\/wp-json\/wp\/v2\/categories?post=1205"},{"taxonomy":"post_tag","embeddable":true,"href":"https:\/\/adornosparacumple.com\/en\/wp-json\/wp\/v2\/tags?post=1205"}],"curies":[{"name":"wp","href":"https:\/\/api.w.org\/{rel}","templated":true}]}}